{"id":5543,"date":"2022-04-07T08:20:11","date_gmt":"2022-04-07T06:20:11","guid":{"rendered":"http:\/\/torosdecasta.com\/?p=5543"},"modified":"2022-04-20T08:23:27","modified_gmt":"2022-04-20T06:23:27","slug":"los-bayones","status":"publish","type":"post","link":"https:\/\/torosdecasta.com\/index.php\/2022\/04\/07\/los-bayones\/","title":{"rendered":"Los Bayones"},"content":{"rendered":"\n<p>A une vingtaine de minutes de Salamanque, la <em>ganader\u00eda <\/em>de Los Bayones est rest\u00e9e fid\u00e8le au sang Atanasio Fern\u00e1ndez \/ Lisardo S\u00e1nchez qui a longtemps domin\u00e9 le Campo Charro. Aujourd&rsquo;hui, elle fait figure de r\u00e9sistante dans un territoire abandonn\u00e9 \u00e0 la domecquisation des \u00e9levages. Dans la <em>finca <\/em>El Vecino, les toros imposent le respect et les vaches c\u00f4toient des vautours. Ambiance ! <\/p>\n\n\n\n<p class=\"has-tertiary-color has-text-color\"><strong><a href=\"http:\/\/torosdecasta.com\/index.php\/ganaderias\/torosdeespana\/los-bayones\/\" target=\"_blank\" rel=\"noreferrer noopener\">Galerie consacr\u00e9e \u00e0 la ganader\u00eda de Los Bayones<\/a><\/strong><\/p>\n\n\n\n<div class=\"wp-block-image\"><figure class=\"aligncenter size-full is-resized\"><a href=\"http:\/\/torosdecasta.com\/index.php\/ganaderias\/torosdeespana\/los-bayones\/\" target=\"_blank\" rel=\"noopener\"><img fetchpriority=\"high\" decoding=\"async\" src=\"http:\/\/torosdecasta.com\/wp-content\/uploads\/2022\/04\/losbayonestdc-17.jpg\" alt=\"\" class=\"wp-image-5537\" width=\"500\" height=\"333\" srcset=\"https:\/\/torosdecasta.com\/wp-content\/uploads\/2022\/04\/losbayonestdc-17.jpg 1000w, https:\/\/torosdecasta.com\/wp-content\/uploads\/2022\/04\/losbayonestdc-17-300x200.jpg 300w, https:\/\/torosdecasta.com\/wp-content\/uploads\/2022\/04\/losbayonestdc-17-768x511.jpg 768w, https:\/\/torosdecasta.com\/wp-content\/uploads\/2022\/04\/losbayonestdc-17-500x333.jpg 500w, https:\/\/torosdecasta.com\/wp-content\/uploads\/2022\/04\/losbayonestdc-17-800x532.jpg 800w\" sizes=\"(max-width: 500px) 100vw, 500px\" \/><\/a><\/figure><\/div>\n","protected":false},"excerpt":{"rendered":"<p>A une vingtaine de minutes de Salamanque, la ganader\u00eda de Los Bayones est rest\u00e9e fid\u00e8le au sang Atanasio Fern\u00e1ndez \/ <span class=\"more-text\">&hellip;<\/span><\/p>\n","protected":false},"author":1,"featured_media":5532,"comment_status":"closed","ping_status":"closed","sticky":false,"template":"","format":"standard","meta":{"_vp_format_video_url":"","_vp_image_focal_point":[],"footnotes":""},"categories":[1],"tags":[],"class_list":["post-5543","post","type-post","status-publish","format-standard","has-post-thumbnail","hentry","category-non-classe"],"_links":{"self":[{"href":"https:\/\/torosdecasta.com\/index.php\/wp-json\/wp\/v2\/posts\/5543","targetHints":{"allow":["GET"]}}],"collection":[{"href":"https:\/\/torosdecasta.com\/index.php\/wp-json\/wp\/v2\/posts"}],"about":[{"href":"https:\/\/torosdecasta.com\/index.php\/wp-json\/wp\/v2\/types\/post"}],"author":[{"embeddable":true,"href":"https:\/\/torosdecasta.com\/index.php\/wp-json\/wp\/v2\/users\/1"}],"replies":[{"embeddable":true,"href":"https:\/\/torosdecasta.com\/index.php\/wp-json\/wp\/v2\/comments?post=5543"}],"version-history":[{"count":2,"href":"https:\/\/torosdecasta.com\/index.php\/wp-json\/wp\/v2\/posts\/5543\/revisions"}],"predecessor-version":[{"id":5546,"href":"https:\/\/torosdecasta.com\/index.php\/wp-json\/wp\/v2\/posts\/5543\/revisions\/5546"}],"wp:featuredmedia":[{"embeddable":true,"href":"https:\/\/torosdecasta.com\/index.php\/wp-json\/wp\/v2\/media\/5532"}],"wp:attachment":[{"href":"https:\/\/torosdecasta.com\/index.php\/wp-json\/wp\/v2\/media?parent=5543"}],"wp:term":[{"taxonomy":"category","embeddable":true,"href":"https:\/\/torosdecasta.com\/index.php\/wp-json\/wp\/v2\/categories?post=5543"},{"taxonomy":"post_tag","embeddable":true,"href":"https:\/\/torosdecasta.com\/index.php\/wp-json\/wp\/v2\/tags?post=5543"}],"curies":[{"name":"wp","href":"https:\/\/api.w.org\/{rel}","templated":true}]}}