{"id":5512,"date":"2022-04-15T09:00:59","date_gmt":"2022-04-15T07:00:59","guid":{"rendered":"http:\/\/torosdecasta.com\/?p=5512"},"modified":"2022-04-20T08:30:02","modified_gmt":"2022-04-20T06:30:02","slug":"tulio-le-tresor-pedrajas","status":"publish","type":"post","link":"https:\/\/torosdecasta.com\/index.php\/2022\/04\/15\/tulio-le-tresor-pedrajas\/","title":{"rendered":"Tulio"},"content":{"rendered":"\n<p>Au coeur des paysages superbes de la Sierra du nord de S\u00e9ville, \u00e0 un jet de pierres de chez Dolores Aguirre Ybarra, les h\u00e9ritiers de don Isaias et don Tulio V\u00e1zquez tentent de sortir le fer d&rsquo;un \u00ab\u00a0bache\u00a0\u00bb qui s&rsquo;est longtemps apparent\u00e9 \u00e0 un v\u00e9ritable coma. Des reproducteurs de Yerbabuena (Pedrajas \u00e9galement) ont rafra\u00eechi le cheptel des vaches et l&rsquo;on pr\u00e9pare de nouveau des novilladas pour les <em>temporadas <\/em>\u00e0 venir. Pour les aficionados a los toros, pour ceux qui ont la nostalgie des Tulio de l\u00e9gende, pour les d\u00e9fenseurs de la vari\u00e9t\u00e9 des encastes et des comportements, la nouvelle est un rayon de soleil dans un oc\u00e9an d&rsquo;uniformit\u00e9.<\/p>\n\n\n\n<p class=\"has-tertiary-color has-text-color\"><strong><a href=\"http:\/\/torosdecasta.com\/index.php\/ganaderias\/torosdeespana\/tulio\/\" target=\"_blank\" rel=\"noreferrer noopener\">Galerie consacr\u00e9e \u00e0 la ganader\u00eda de Tulio<\/a><\/strong><\/p>\n\n\n\n<div class=\"wp-block-image\"><figure class=\"aligncenter size-full is-resized\"><a href=\"http:\/\/torosdecasta.com\/index.php\/ganaderias\/torosdeespana\/tulio\/\" target=\"_blank\" rel=\"noopener\"><img fetchpriority=\"high\" decoding=\"async\" src=\"http:\/\/torosdecasta.com\/wp-content\/uploads\/2022\/04\/tuliotdc-18.jpg\" alt=\"\" class=\"wp-image-5503\" width=\"500\" height=\"333\" srcset=\"https:\/\/torosdecasta.com\/wp-content\/uploads\/2022\/04\/tuliotdc-18.jpg 1000w, https:\/\/torosdecasta.com\/wp-content\/uploads\/2022\/04\/tuliotdc-18-300x200.jpg 300w, https:\/\/torosdecasta.com\/wp-content\/uploads\/2022\/04\/tuliotdc-18-768x511.jpg 768w, https:\/\/torosdecasta.com\/wp-content\/uploads\/2022\/04\/tuliotdc-18-500x333.jpg 500w, https:\/\/torosdecasta.com\/wp-content\/uploads\/2022\/04\/tuliotdc-18-800x532.jpg 800w\" sizes=\"(max-width: 500px) 100vw, 500px\" \/><\/a><\/figure><\/div>\n","protected":false},"excerpt":{"rendered":"<p>Au coeur des paysages superbes de la Sierra du nord de S\u00e9ville, \u00e0 un jet de pierres de chez Dolores <span class=\"more-text\">&hellip;<\/span><\/p>\n","protected":false},"author":1,"featured_media":5489,"comment_status":"closed","ping_status":"closed","sticky":false,"template":"","format":"standard","meta":{"_vp_format_video_url":"","_vp_image_focal_point":[],"footnotes":""},"categories":[1],"tags":[],"class_list":["post-5512","post","type-post","status-publish","format-standard","has-post-thumbnail","hentry","category-non-classe"],"_links":{"self":[{"href":"https:\/\/torosdecasta.com\/index.php\/wp-json\/wp\/v2\/posts\/5512","targetHints":{"allow":["GET"]}}],"collection":[{"href":"https:\/\/torosdecasta.com\/index.php\/wp-json\/wp\/v2\/posts"}],"about":[{"href":"https:\/\/torosdecasta.com\/index.php\/wp-json\/wp\/v2\/types\/post"}],"author":[{"embeddable":true,"href":"https:\/\/torosdecasta.com\/index.php\/wp-json\/wp\/v2\/users\/1"}],"replies":[{"embeddable":true,"href":"https:\/\/torosdecasta.com\/index.php\/wp-json\/wp\/v2\/comments?post=5512"}],"version-history":[{"count":4,"href":"https:\/\/torosdecasta.com\/index.php\/wp-json\/wp\/v2\/posts\/5512\/revisions"}],"predecessor-version":[{"id":5549,"href":"https:\/\/torosdecasta.com\/index.php\/wp-json\/wp\/v2\/posts\/5512\/revisions\/5549"}],"wp:featuredmedia":[{"embeddable":true,"href":"https:\/\/torosdecasta.com\/index.php\/wp-json\/wp\/v2\/media\/5489"}],"wp:attachment":[{"href":"https:\/\/torosdecasta.com\/index.php\/wp-json\/wp\/v2\/media?parent=5512"}],"wp:term":[{"taxonomy":"category","embeddable":true,"href":"https:\/\/torosdecasta.com\/index.php\/wp-json\/wp\/v2\/categories?post=5512"},{"taxonomy":"post_tag","embeddable":true,"href":"https:\/\/torosdecasta.com\/index.php\/wp-json\/wp\/v2\/tags?post=5512"}],"curies":[{"name":"wp","href":"https:\/\/api.w.org\/{rel}","templated":true}]}}