{"id":5442,"date":"2022-04-09T11:58:18","date_gmt":"2022-04-09T09:58:18","guid":{"rendered":"http:\/\/torosdecasta.com\/?p=5442"},"modified":"2022-04-20T08:30:23","modified_gmt":"2022-04-20T06:30:23","slug":"gerardo-ortega","status":"publish","type":"post","link":"https:\/\/torosdecasta.com\/index.php\/2022\/04\/09\/gerardo-ortega\/","title":{"rendered":"Gerardo Ortega"},"content":{"rendered":"\n<p>Aux abords de Santa Olalla del Cala, Gerardo Ortega entretient le feu de son afici\u00f3n malgr\u00e9 la crise et la r\u00e9duction du march\u00e9. Aujourd\u2019hui, la <em>camada<\/em> de ses Domecq via Los Guateles principalement a pour unique destin les \u00ab&nbsp;calles&nbsp;\u00bb du Levante o\u00f9 les Ortega ont beaucoup de cr\u00e9dit.<\/p>\n\n\n\n<p class=\"has-tertiary-color has-text-color\"><strong><a href=\"http:\/\/torosdecasta.com\/index.php\/ganaderias\/torosdeespana\/gerardo-ortega\/\" target=\"_blank\" rel=\"noreferrer noopener\">Galerie consacr\u00e9e \u00e0 la ganader\u00eda de Gerardo Ortega<\/a><\/strong><\/p>\n\n\n\n<div class=\"wp-block-image\"><figure class=\"aligncenter size-full is-resized\"><a href=\"http:\/\/torosdecasta.com\/index.php\/ganaderias\/torosdeespana\/gerardo-ortega\/\" target=\"_blank\" rel=\"noopener\"><img fetchpriority=\"high\" decoding=\"async\" src=\"http:\/\/torosdecasta.com\/wp-content\/uploads\/2022\/04\/gortegatdc-8.jpg\" alt=\"\" class=\"wp-image-5426\" width=\"500\" height=\"333\" srcset=\"https:\/\/torosdecasta.com\/wp-content\/uploads\/2022\/04\/gortegatdc-8.jpg 1000w, https:\/\/torosdecasta.com\/wp-content\/uploads\/2022\/04\/gortegatdc-8-300x200.jpg 300w, https:\/\/torosdecasta.com\/wp-content\/uploads\/2022\/04\/gortegatdc-8-768x511.jpg 768w, https:\/\/torosdecasta.com\/wp-content\/uploads\/2022\/04\/gortegatdc-8-500x333.jpg 500w, https:\/\/torosdecasta.com\/wp-content\/uploads\/2022\/04\/gortegatdc-8-800x532.jpg 800w\" sizes=\"(max-width: 500px) 100vw, 500px\" \/><\/a><\/figure><\/div>\n","protected":false},"excerpt":{"rendered":"<p>Aux abords de Santa Olalla del Cala, Gerardo Ortega entretient le feu de son afici\u00f3n malgr\u00e9 la crise et la <span class=\"more-text\">&hellip;<\/span><\/p>\n","protected":false},"author":1,"featured_media":5431,"comment_status":"closed","ping_status":"closed","sticky":false,"template":"","format":"standard","meta":{"_vp_format_video_url":"","_vp_image_focal_point":{"x":0.5,"y":0.24},"footnotes":""},"categories":[1],"tags":[],"class_list":["post-5442","post","type-post","status-publish","format-standard","has-post-thumbnail","hentry","category-non-classe"],"_links":{"self":[{"href":"https:\/\/torosdecasta.com\/index.php\/wp-json\/wp\/v2\/posts\/5442","targetHints":{"allow":["GET"]}}],"collection":[{"href":"https:\/\/torosdecasta.com\/index.php\/wp-json\/wp\/v2\/posts"}],"about":[{"href":"https:\/\/torosdecasta.com\/index.php\/wp-json\/wp\/v2\/types\/post"}],"author":[{"embeddable":true,"href":"https:\/\/torosdecasta.com\/index.php\/wp-json\/wp\/v2\/users\/1"}],"replies":[{"embeddable":true,"href":"https:\/\/torosdecasta.com\/index.php\/wp-json\/wp\/v2\/comments?post=5442"}],"version-history":[{"count":4,"href":"https:\/\/torosdecasta.com\/index.php\/wp-json\/wp\/v2\/posts\/5442\/revisions"}],"predecessor-version":[{"id":5552,"href":"https:\/\/torosdecasta.com\/index.php\/wp-json\/wp\/v2\/posts\/5442\/revisions\/5552"}],"wp:featuredmedia":[{"embeddable":true,"href":"https:\/\/torosdecasta.com\/index.php\/wp-json\/wp\/v2\/media\/5431"}],"wp:attachment":[{"href":"https:\/\/torosdecasta.com\/index.php\/wp-json\/wp\/v2\/media?parent=5442"}],"wp:term":[{"taxonomy":"category","embeddable":true,"href":"https:\/\/torosdecasta.com\/index.php\/wp-json\/wp\/v2\/categories?post=5442"},{"taxonomy":"post_tag","embeddable":true,"href":"https:\/\/torosdecasta.com\/index.php\/wp-json\/wp\/v2\/tags?post=5442"}],"curies":[{"name":"wp","href":"https:\/\/api.w.org\/{rel}","templated":true}]}}