{"id":5375,"date":"2022-04-15T09:02:58","date_gmt":"2022-04-15T07:02:58","guid":{"rendered":"http:\/\/torosdecasta.com\/?p=5375"},"modified":"2022-04-19T17:10:35","modified_gmt":"2022-04-19T15:10:35","slug":"marques-de-albaserrada","status":"publish","type":"post","link":"https:\/\/torosdecasta.com\/index.php\/2022\/04\/15\/marques-de-albaserrada\/","title":{"rendered":"Marqu\u00e9s de Albaserrada"},"content":{"rendered":"\n<p>A Mirandilla, l&rsquo;\u00e9levage du marquis de Albaserrada se bat au quotidien dans un monde taurin qui veut de moins en moins de lui. La \u00ab\u00a0faute\u00a0\u00bb \u00e0 un sang unique et vibrant, celui de Pedrajas dans sa version Tulio. La caste et le piquant sont les marques de fabrique de cette lign\u00e9e que bichonne le <em>mayoral <\/em>fran\u00e7ais Fabrice Torrito sous le regard attendri de Marruci, la veuve du marquis. Mirandilla est un lieu unique, attachant et dans lequel r\u00e8gne le culte du Toro-Toro.<\/p>\n\n\n\n<p class=\"has-tertiary-color has-text-color\"><strong><a href=\"http:\/\/torosdecasta.com\/index.php\/ganaderias\/torosdeespana\/marques-de-albaserrada\/\" target=\"_blank\" rel=\"noreferrer noopener\">Galerie consacr\u00e9e \u00e0 la ganader\u00eda du Marqu\u00e9s de Albaserrada<\/a><\/strong><\/p>\n\n\n\n<div class=\"wp-block-image\"><figure class=\"aligncenter size-full is-resized\"><a href=\"http:\/\/torosdecasta.com\/index.php\/ganaderias\/torosdeespana\/marques-de-albaserrada\/\" target=\"_blank\" rel=\"noopener\"><img fetchpriority=\"high\" decoding=\"async\" src=\"http:\/\/torosdecasta.com\/wp-content\/uploads\/2022\/04\/albaserradatdc-46.jpg\" alt=\"\" class=\"wp-image-5313\" width=\"500\" height=\"333\" srcset=\"https:\/\/torosdecasta.com\/wp-content\/uploads\/2022\/04\/albaserradatdc-46.jpg 1000w, https:\/\/torosdecasta.com\/wp-content\/uploads\/2022\/04\/albaserradatdc-46-300x200.jpg 300w, https:\/\/torosdecasta.com\/wp-content\/uploads\/2022\/04\/albaserradatdc-46-768x511.jpg 768w, https:\/\/torosdecasta.com\/wp-content\/uploads\/2022\/04\/albaserradatdc-46-500x333.jpg 500w, https:\/\/torosdecasta.com\/wp-content\/uploads\/2022\/04\/albaserradatdc-46-800x532.jpg 800w\" sizes=\"(max-width: 500px) 100vw, 500px\" \/><\/a><\/figure><\/div>\n","protected":false},"excerpt":{"rendered":"<p>A Mirandilla, l&rsquo;\u00e9levage du marquis de Albaserrada se bat au quotidien dans un monde taurin qui veut de moins en <span class=\"more-text\">&hellip;<\/span><\/p>\n","protected":false},"author":1,"featured_media":5314,"comment_status":"closed","ping_status":"closed","sticky":false,"template":"","format":"standard","meta":{"_vp_format_video_url":"","_vp_image_focal_point":[],"footnotes":""},"categories":[1],"tags":[],"class_list":["post-5375","post","type-post","status-publish","format-standard","has-post-thumbnail","hentry","category-non-classe"],"_links":{"self":[{"href":"https:\/\/torosdecasta.com\/index.php\/wp-json\/wp\/v2\/posts\/5375","targetHints":{"allow":["GET"]}}],"collection":[{"href":"https:\/\/torosdecasta.com\/index.php\/wp-json\/wp\/v2\/posts"}],"about":[{"href":"https:\/\/torosdecasta.com\/index.php\/wp-json\/wp\/v2\/types\/post"}],"author":[{"embeddable":true,"href":"https:\/\/torosdecasta.com\/index.php\/wp-json\/wp\/v2\/users\/1"}],"replies":[{"embeddable":true,"href":"https:\/\/torosdecasta.com\/index.php\/wp-json\/wp\/v2\/comments?post=5375"}],"version-history":[{"count":2,"href":"https:\/\/torosdecasta.com\/index.php\/wp-json\/wp\/v2\/posts\/5375\/revisions"}],"predecessor-version":[{"id":5378,"href":"https:\/\/torosdecasta.com\/index.php\/wp-json\/wp\/v2\/posts\/5375\/revisions\/5378"}],"wp:featuredmedia":[{"embeddable":true,"href":"https:\/\/torosdecasta.com\/index.php\/wp-json\/wp\/v2\/media\/5314"}],"wp:attachment":[{"href":"https:\/\/torosdecasta.com\/index.php\/wp-json\/wp\/v2\/media?parent=5375"}],"wp:term":[{"taxonomy":"category","embeddable":true,"href":"https:\/\/torosdecasta.com\/index.php\/wp-json\/wp\/v2\/categories?post=5375"},{"taxonomy":"post_tag","embeddable":true,"href":"https:\/\/torosdecasta.com\/index.php\/wp-json\/wp\/v2\/tags?post=5375"}],"curies":[{"name":"wp","href":"https:\/\/api.w.org\/{rel}","templated":true}]}}